{"id":120,"date":"2018-02-07T10:59:36","date_gmt":"2018-02-07T10:59:36","guid":{"rendered":"http:\/\/viajarcomfilhos.net\/?p=120"},"modified":"2018-02-07T11:02:13","modified_gmt":"2018-02-07T11:02:13","slug":"provincia-de-caceres-naturalmente-preparada-para-o-turismo-activo","status":"publish","type":"post","link":"http:\/\/viajarcomfilhos.net\/?p=120","title":{"rendered":"Prov\u00edncia de C\u00e1ceres. Extremadura preparada para o turismo activo"},"content":{"rendered":"<blockquote><p>Abra os olhos para uma prov\u00edncia surpreendente, respire profundamente o cheiro da terra, da \u00e1gua, do ar &#8230; e deixe-se seduzir pela natureza quase inalterada pelo homem, a mesma que lhe oferece a oportunidade de desfrutar da paisagem na primeira pessoa, protagonizando experi\u00eancias que jamais se apagar\u00e3o da mem\u00f3ria e que lhe ir\u00e3o deixar \u00e1gua na boca sendo dif\u00edcil resistir a viv\u00ea-las de novo e de novo&#8230;<\/p><\/blockquote>\n<p><a href=\"http:\/\/viajarcomfilhos.net\/wp-content\/uploads\/2018\/02\/IMG31.png\"><img decoding=\"async\" loading=\"lazy\" class=\"aligncenter wp-image-123\" src=\"http:\/\/viajarcomfilhos.net\/wp-content\/uploads\/2018\/02\/IMG31.png\" alt=\"IMG3\" width=\"700\" height=\"525\" srcset=\"http:\/\/viajarcomfilhos.net\/wp-content\/uploads\/2018\/02\/IMG31.png 800w, http:\/\/viajarcomfilhos.net\/wp-content\/uploads\/2018\/02\/IMG31-300x225.png 300w\" sizes=\"(max-width: 700px) 100vw, 700px\" \/><\/a><\/p>\n<p>A regi\u00e3o soube preservar a sua heran\u00e7a patrimonial e natural, nunca acolheu a ind\u00fastria e sempre abra\u00e7ou o pasto, a lagoa, a rocha, a garganta e o ar puro, destaca-se pela sua abund\u00e2ncia em recursos tur\u00edsticos que podem ser apreciados de forma intensa, atrav\u00e9s da pr\u00e1tica de divertidas atividades complementares.<\/p>\n<p><strong>Propostas Especializadas<\/strong><br \/>\nFalando em turismo activo, quase todos os munic\u00edpios da regi\u00e3o oferecem estes servi\u00e7os e t\u00eam empresas especializadas neste tipo de atividade. Confira:<\/p>\n<p>O Valle de Jerte prop\u00f5e caminhadas, enquanto desfruta de \u00e1reas naturais protegidas<br \/>\ncomo a Reserva Natural de la Garganta de los Infiernos, onde poder\u00e1 chapinhar nas po\u00e7as que formam aut\u00eanticas piscinas naturais no Ver\u00e3o. Tamb\u00e9m oferece a possibilidade de cannyoning em diferentes grooves e diferentes n\u00edveis: desde Los Hoyos (dificuldade baixa), passando por Nogaledas (dificuldade m\u00e9dia)at\u00e9 Los Pap\u00faos (dificuldade alta).<\/p>\n<p><a href=\"http:\/\/viajarcomfilhos.net\/wp-content\/uploads\/2018\/02\/IMG41.png\"><img decoding=\"async\" loading=\"lazy\" class=\"aligncenter wp-image-124\" src=\"http:\/\/viajarcomfilhos.net\/wp-content\/uploads\/2018\/02\/IMG41.png\" alt=\"IMG4\" width=\"700\" height=\"383\" srcset=\"http:\/\/viajarcomfilhos.net\/wp-content\/uploads\/2018\/02\/IMG41.png 800w, http:\/\/viajarcomfilhos.net\/wp-content\/uploads\/2018\/02\/IMG41-300x164.png 300w, http:\/\/viajarcomfilhos.net\/wp-content\/uploads\/2018\/02\/IMG41-239x130.png 239w\" sizes=\"(max-width: 700px) 100vw, 700px\" \/><\/a><br \/>\n<strong>Mais atividades originais<\/strong><br \/>\nContinuando a norte da prov\u00edncia, particularmente na regi\u00e3o de La Vera tamb\u00e9m pode optar pelas caminhadas, passeios pedestres ou a cavalo, ou ainda canoagem nos numerosos desfiladeiros naturais. Outras atividades incluem ciclismo, BTT, escalada, observa\u00e7\u00e3o de aves, fauna, flora, paintball, parede de escalada, tiro com arco e passeios pelas \u00e1rvores, para que todos, com idades a partir dos 8 anos (ou com uma altura m\u00ednima de 1,40m) possam desfrutar de um passeio espectacular e ao ar livre de forma segura e controlada.<\/p>\n<p>Em Tierras de Granadilla, para al\u00e9m de caminhadas e actividades de cicloturismo, pode realizar todos o tipo de actividades aqu\u00e1ticas na barragem de Gabriel y Gal\u00e1n, tais como canoagem &#8211; uma das mais atraentes.<\/p>\n<p>A regi\u00e3o hurdana prop\u00f5e as caminhadas, de forma a descobrir recantos onde se pode escutar a serenidade da \u00e1gua, o canto dos p\u00e1ssaros e o som das \u00e1rvores. Subir caminhando at\u00e9 ao Chorro de la Miacera, em El Gasco, ou descobrir o Meandro Melero s\u00e3o experi\u00eancias que recomendamos.<\/p>\n<p>E tamb\u00e9m a norte, a regi\u00e3o da Serra de Gata oferece trilhos para caminhadas, para ve\u00edculos 4&#215;4, passeios a cavalo e locais para observa\u00e7\u00e3o de p\u00e1ssaros, especialmente quando o vale de Borboll\u00f3n se torna num impressionante dormit\u00f3rio para os grous.<br \/>\nDestacamos ainda as rotas micol\u00f3gicas, pois estamos inseridos na \u00e1rea com mais tradi\u00e7\u00e3o no cultivo e colheita do cogumelo.<\/p>\n<p><a href=\"http:\/\/viajarcomfilhos.net\/wp-content\/uploads\/2018\/02\/IMG11.png\"><img decoding=\"async\" loading=\"lazy\" class=\"aligncenter wp-image-121\" src=\"http:\/\/viajarcomfilhos.net\/wp-content\/uploads\/2018\/02\/IMG11.png\" alt=\"IMG1\" width=\"700\" height=\"465\" srcset=\"http:\/\/viajarcomfilhos.net\/wp-content\/uploads\/2018\/02\/IMG11.png 800w, http:\/\/viajarcomfilhos.net\/wp-content\/uploads\/2018\/02\/IMG11-300x199.png 300w\" sizes=\"(max-width: 700px) 100vw, 700px\" \/><\/a><\/p>\n<p><strong>Rotas por uma Reserva da Biosfera<\/strong><br \/>\nAgora, desloquemo-nos a uma das j\u00f3ias da prov\u00edncia de C\u00e1ceres, o Parque Nacional<br \/>\nDe Monfrag\u00fce, reserva da Biosfera, uma das \u00e1reas que melhor tem sabido manter e preservar a floresta mediterr\u00e2nica, habitat de numerosas esp\u00e9cies de plantas e animais amea\u00e7ados de extin\u00e7\u00e3o. Todos os anos tem lugar no cora\u00e7\u00e3o do parque, a Feira Internacional de Ornitologia (FIO), dado ser o melhor lugar para observa\u00e7\u00e3o de aves: abutres ib\u00e9ricos e \u00e1guias imperiais e ib\u00e9ricas, abutres do egipto e cegonhas negras&#8230; e para que a visita seja t\u00e3o agrad\u00e1vel quanto poss\u00edvel, aconselhamos que solicite os servi\u00e7os de qualquer uma das empresas de atividades complementares e recrea\u00e7\u00e3o ativas que trabalham na \u00e1rea.<\/p>\n<p>Com elas poder\u00e1 realizar rotas de sederismo em trilhos devidamente sinalizados, assim como explorar \u00e1reas onde nem todos t\u00eam acesso para poder observar as aves; no Outono, ao p\u00f4r do sol e \u00e0 noite, pode experimentar um dos espet\u00e1culos mais impressionantes da natureza, a berrea; na Primavera e Ver\u00e3o, observar as estrelas, pois \u00e9 uma das \u00e1reas mais limpas de polui\u00e7\u00e3o ambiental e luz da Europa.<\/p>\n<p><a href=\"http:\/\/viajarcomfilhos.net\/wp-content\/uploads\/2018\/02\/IMG21.png\"><img decoding=\"async\" loading=\"lazy\" class=\"aligncenter wp-image-122\" src=\"http:\/\/viajarcomfilhos.net\/wp-content\/uploads\/2018\/02\/IMG21.png\" alt=\"IMG2\" width=\"700\" height=\"466\" srcset=\"http:\/\/viajarcomfilhos.net\/wp-content\/uploads\/2018\/02\/IMG21.png 800w, http:\/\/viajarcomfilhos.net\/wp-content\/uploads\/2018\/02\/IMG21-300x199.png 300w\" sizes=\"(max-width: 700px) 100vw, 700px\" \/><\/a><br \/>\n<strong>Para\u00edsos naturais<\/strong><br \/>\nN\u00e3o nos podemos esquecer dos Villuercas, especificamente o Geopark Villuercas, Ibores, Jara, um verdadeiro para\u00edso natural, onde podemos contemplar grandes florestas com in\u00fameras esp\u00e9cies de \u00e1rvores como carvalhos, sobreiros, castanheiros e pinheiros, belos vales e grandes \u00e1reas de baixas colinas e rios, assim como grutas, minas, espreitando ao mesmo tempo a flora e a fauna. Aqui poder\u00e1 praticar geoturismo visitando os s\u00edtios geol\u00f3gicos, espalhados ao redor do Geopark. Caminhar \u00e9 uma das apostas mais sugestivas para descobrir este lugar, onde encontramos um dos solos mais antigos da Pen\u00ednsula Ib\u00e9rica.<\/p>\n<p>Finalmente, para o oeste e sudoeste da prov\u00edncia, encontramos a regi\u00e3o de Tajo-Salor-Alc\u00e1ntara, com lugares curiosos e m\u00e1gicos como La Cantera de granito, muito perto da famosa Ponte Romana de Alcantara. La Cantera, deixando de ser usado como tal, tornou-se numa piscina natural \u00e0 medida que a \u00e1gua come\u00e7ou a fluir, o que permite a pr\u00e1tica de mergulho (tamb\u00e9m ela atrav\u00e9s de empresas especializadas).<\/p>\n<p><a href=\"http:\/\/viajarcomfilhos.net\/wp-content\/uploads\/2018\/02\/IMG61.png\"><img decoding=\"async\" loading=\"lazy\" class=\"aligncenter wp-image-126\" src=\"http:\/\/viajarcomfilhos.net\/wp-content\/uploads\/2018\/02\/IMG61.png\" alt=\"IMG6\" width=\"700\" height=\"525\" srcset=\"http:\/\/viajarcomfilhos.net\/wp-content\/uploads\/2018\/02\/IMG61.png 800w, http:\/\/viajarcomfilhos.net\/wp-content\/uploads\/2018\/02\/IMG61-300x225.png 300w\" sizes=\"(max-width: 700px) 100vw, 700px\" \/><\/a><br \/>\n<strong>Uma floresta diferente<\/strong><br \/>\nNa Sierra de San Pedro existe um espa\u00e7o que se destaca de todos os outros: o Parque Natural Tajo International. O rio Tejo d\u00e1 o seu nome ao Parque, que, juntamente com os seus rios afluentes, o Erges, Salor e S\u00e9ver, correm nesta \u00e1rea que se estende at\u00e9 Portugal. O parque \u00e9 fortemente influenciado pela proximidade do Atl\u00e2ntico e pelas neblusidades que se formam no Tejo, dando origem a uma floresta mediterr\u00e2nica diferente, com uma flora muito variada como espinheiro, apiacaea e a mais representativa, o l\u00edrio amarelo.<\/p>\n<p>A fauna tamb\u00e9m \u00e9 abundante na \u00e1rea gra\u00e7as \u00e0 presen\u00e7a de \u00e1gua, dos arbustos e dos prados. Poder\u00e1 ainda observar grandes aves de rapina como a \u00e1guia imperial ib\u00e9rica ou a cegonha preta. Uma excelente forma de conhecer o parque \u00e9 optar por navegar o tejo a bordo do \u201cBalc\u00f3n del Tajo\u201d, de onde se pode contemplar as aves e conhecer um pouco mais da fauna e flora deste maravilhoso lugar.<br \/>\nA regi\u00e3o tamb\u00e9m \u00e9 conhecida por ter vastas zonas de ca\u00e7a. \u00c9 um territ\u00f3rio habitado por muitos veados e no Outono pode ver-se e escuitar-se a berrea. Outra das propostas tur\u00edsticas regionais \u00e9 realizar a rota dos d\u00f3lmenes, visita que pode ser acompanhada e guiada por uma empresa de turismo qualidficada para tal, com acessos \u00e0s \u00e1reas restritas. Esperamos por si, em C\u00e1ceres.<\/p>\n<p>Textos: Servicio de Turismo de Diputaci\u00f3n de C\u00e1ceres <a href=\"http:\/\/www.turismocaceres.org\" target=\"_blank\">www.turismocaceres.org<\/a><\/p>\n","protected":false},"excerpt":{"rendered":"<p>Abra os olhos para uma prov\u00edncia surpreendente, respire profundamente o cheiro da terra, da \u00e1gua, do ar &#8230; e deixe-se seduzir pela natureza quase inalterada pelo homem, a mesma que lhe oferece a oportunidade de desfrutar da paisagem na primeira pessoa, protagonizando experi\u00eancias que jamais se apagar\u00e3o da mem\u00f3ria e que lhe ir\u00e3o deixar \u00e1gua [&hellip;]<\/p>\n","protected":false},"author":1,"featured_media":123,"comment_status":"open","ping_status":"open","sticky":false,"template":"","format":"standard","meta":{"footnotes":""},"categories":[3,16],"tags":[],"aioseo_notices":[],"_links":{"self":[{"href":"http:\/\/viajarcomfilhos.net\/index.php?rest_route=\/wp\/v2\/posts\/120"}],"collection":[{"href":"http:\/\/viajarcomfilhos.net\/index.php?rest_route=\/wp\/v2\/posts"}],"about":[{"href":"http:\/\/viajarcomfilhos.net\/index.php?rest_route=\/wp\/v2\/types\/post"}],"author":[{"embeddable":true,"href":"http:\/\/viajarcomfilhos.net\/index.php?rest_route=\/wp\/v2\/users\/1"}],"replies":[{"embeddable":true,"href":"http:\/\/viajarcomfilhos.net\/index.php?rest_route=%2Fwp%2Fv2%2Fcomments&post=120"}],"version-history":[{"count":3,"href":"http:\/\/viajarcomfilhos.net\/index.php?rest_route=\/wp\/v2\/posts\/120\/revisions"}],"predecessor-version":[{"id":130,"href":"http:\/\/viajarcomfilhos.net\/index.php?rest_route=\/wp\/v2\/posts\/120\/revisions\/130"}],"wp:featuredmedia":[{"embeddable":true,"href":"http:\/\/viajarcomfilhos.net\/index.php?rest_route=\/wp\/v2\/media\/123"}],"wp:attachment":[{"href":"http:\/\/viajarcomfilhos.net\/index.php?rest_route=%2Fwp%2Fv2%2Fmedia&parent=120"}],"wp:term":[{"taxonomy":"category","embeddable":true,"href":"http:\/\/viajarcomfilhos.net\/index.php?rest_route=%2Fwp%2Fv2%2Fcategories&post=120"},{"taxonomy":"post_tag","embeddable":true,"href":"http:\/\/viajarcomfilhos.net\/index.php?rest_route=%2Fwp%2Fv2%2Ftags&post=120"}],"curies":[{"name":"wp","href":"https:\/\/api.w.org\/{rel}","templated":true}]}}