{"id":43,"date":"2014-03-03T13:34:56","date_gmt":"2014-03-03T13:34:56","guid":{"rendered":"http:\/\/pt.viajarconhijos.es\/?p=43"},"modified":"2014-03-03T13:34:56","modified_gmt":"2014-03-03T13:34:56","slug":"asturias-paraiso-branco-e-verde","status":"publish","type":"post","link":"http:\/\/viajarcomfilhos.net\/?p=43","title":{"rendered":"AST\u00daRIAS. PARA\u00cdSO BRANCO E VERDE"},"content":{"rendered":"<blockquote><p><b>Algu\u00e9m afirmou uma vez que seria muito bom estar nas Ast\u00farias em todas as ocasi\u00f5es, muitos anos mais tarde, quando a m\u00e1quina do marketing tur\u00edstico come\u00e7ou a produzir, outra pessoa escreveu que seria muito bom estar Ast\u00farias em todas as esta\u00e7\u00f5es &#8230; parece que ambas as afirma\u00e7\u00f5es destes autores an\u00f3nimos estavam corretas, de acordo com as muitas experi\u00eancias que se podem viver nas Ast\u00farias, no outono e no inverno.<\/b><\/p>\n<p>&nbsp;<\/p><\/blockquote>\n<p><b><a href=\"http:\/\/pt.viajarconhijos.es\/wp-content\/uploads\/2014\/03\/02298.jpg\"><img decoding=\"async\" loading=\"lazy\" class=\"alignnone size-full wp-image-45\" alt=\"02298\" src=\"http:\/\/pt.viajarconhijos.es\/wp-content\/uploads\/2014\/03\/02298.jpg\" width=\"800\" height=\"534\" srcset=\"http:\/\/viajarcomfilhos.net\/wp-content\/uploads\/2014\/03\/02298.jpg 800w, http:\/\/viajarcomfilhos.net\/wp-content\/uploads\/2014\/03\/02298-300x200.jpg 300w\" sizes=\"(max-width: 800px) 100vw, 800px\" \/><\/a>\u00a0<\/b><\/p>\n<p>As Ast\u00farias t\u00eam sol, praia, chuva e tamb\u00e9m t\u00eam neve; e pode-se desfrutar do sol, da praia, do litoral, da chuva e da neve no inverno. A luz do outono e inverno nesta terra verde \u00e9 bem conhecida dos fot\u00f3grafos, pintores, escritores &#8230; bem como as cores da floresta e da paisagem; durante o inverno, as praias oferecem uma vis\u00e3o espetacular de mar, vento, luz, constituindo um espa\u00e7o ideal para caminhar, para observa\u00e7\u00e3o da natureza, para a <b>comunh\u00e3o com a natureza <\/b>e s\u00e3o tamb\u00e9m um espa\u00e7o para a amizade, para o entretenimento familiar, ou mesmo para retiro.<\/p>\n<p><strong>\u00a0Manto branco<\/strong><\/p>\n<p>E enquanto tudo isto acontece, h\u00e1 neve \u200b\u200bna montanha. E os amantes do &#8220;manto branco&#8221; podem apreci\u00e1-lo de muitas formas: nas encostas das duas est\u00e2ncias de esqui existentes na regi\u00e3o, Pajares y Fuentes, onde se pode esquiar na modalidade de descida livre, de travessia ou com raquetes de neve, entre outras atividades. Fuentes de Invierno oferece inclusivamente a possibilidade de praticar <strong>esqui adaptado.<\/strong><\/p>\n<p>Tanto <a href=\"http:\/\/www.valgrande-pajares.com\/\">Pajares<\/a> como <a href=\"http:\/\/www.esquiasturias.com\/\">Fuentes de Invierno<\/a> disp\u00f5em de boas pistas para iniciantes e tamb\u00e9m t\u00eam se\u00e7\u00f5es mais t\u00e9cnicas para esquiadores. As instala\u00e7\u00f5es s\u00e3o boas e a paisagem \u00e9 simplesmente espetacular. Quer seja para lanchar ou para fazer uma refei\u00e7\u00e3o, o servi\u00e7o de ambas as est\u00e2ncias \u00e9 mais do que suficiente, al\u00e9m disso, uma vantagem das est\u00e2ncias das Ast\u00farias \u00e9 o facto de estarem t\u00e3o pr\u00f3ximas e de terem uma excelente comunica\u00e7\u00e3o com as aldeias onde a oferta, tanto a n\u00edvel de alojamento como de alimenta\u00e7\u00e3o, \u00e9 variada e de qualidade.<\/p>\n<p><strong>Com tradi\u00e7\u00e3o<\/strong><\/p>\n<p>A est\u00e2ncia de Fuentes de Invierno est\u00e1 muito pr\u00f3xima de Felechosa, uma localidade montanhosa com um ambiente agrad\u00e1vel e que disp\u00f5e de in\u00fameros <strong>hot\u00e9is, restaurantes e <i>sidrer\u00edas<\/i><\/strong> (bares de sidra<b>)<\/b> onde \u00e9 poss\u00edvel degustar os mais t\u00edpicos e saborosos pratos asturianos num ambiente descontra\u00eddo e r\u00fastico.<\/p>\n<p><a href=\"http:\/\/pt.viajarconhijos.es\/wp-content\/uploads\/2014\/03\/03774.jpg\"><img decoding=\"async\" loading=\"lazy\" class=\"alignnone size-full wp-image-46\" alt=\"03774\" src=\"http:\/\/pt.viajarconhijos.es\/wp-content\/uploads\/2014\/03\/03774.jpg\" width=\"800\" height=\"600\" srcset=\"http:\/\/viajarcomfilhos.net\/wp-content\/uploads\/2014\/03\/03774.jpg 800w, http:\/\/viajarcomfilhos.net\/wp-content\/uploads\/2014\/03\/03774-300x225.jpg 300w\" sizes=\"(max-width: 800px) 100vw, 800px\" \/><\/a><\/p>\n<p>No caso de Pajares, a vida social desenvolve-se bem mais no interior da est\u00e2ncia, ou em alguns bares cl\u00e1ssicos daquela zona, como por exemplo a Venta Casimiro; existe tamb\u00e9m a op\u00e7\u00e3o de uma visita a Pola de Lena, Mieres e at\u00e9 mesmo \u00e0 capital do Principado, Oviedo, que fica apenas a 45 minutos da est\u00e2ncia de esqui mais antiga da Cordilheira Cant\u00e1brica. Poder\u00edamos dizer que em Pajares se respiram os momentos pioneiros do esqui e do montanhismo no norte de Espanha. Por direito pr\u00f3prio, esta parcela poderia ser designada como uma est\u00e2ncia hist\u00f3rica.<\/p>\n<p><strong>Um &#8220;apr\u00e8s-ski&#8221; multiexperiencial<\/strong><\/p>\n<p><a href=\"http:\/\/pt.viajarconhijos.es\/wp-content\/uploads\/2014\/03\/ribadesella1.jpg\"><img decoding=\"async\" loading=\"lazy\" class=\"alignnone size-full wp-image-48\" alt=\"ribadesella1\" src=\"http:\/\/pt.viajarconhijos.es\/wp-content\/uploads\/2014\/03\/ribadesella1.jpg\" width=\"800\" height=\"533\" srcset=\"http:\/\/viajarcomfilhos.net\/wp-content\/uploads\/2014\/03\/ribadesella1.jpg 800w, http:\/\/viajarcomfilhos.net\/wp-content\/uploads\/2014\/03\/ribadesella1-300x199.jpg 300w\" sizes=\"(max-width: 800px) 100vw, 800px\" \/><\/a><\/p>\n<p><strong>\u00c1guas Termais e spa<\/strong><\/p>\n<p>Uma alternativa capaz de ter um efeito relaxante, apenas pelo facto de a imaginarmos \u00e9 o relaxamento dos m\u00fasculos e do corpo &#8211; que tanto trabalham nas pistas de esqui &#8211; nas termas de <strong>\u00e1guas com propriedades curativas<\/strong>, como \u00e9 o caso da Villa Termal de las Caldas, que teve origem no in\u00edcio do s\u00e9culo XIX, e que atualmente disp\u00f5e de instala\u00e7\u00f5es de excel\u00eancia, de onde se destaca o complexo de AquaXana, ou em qualquer um dos <strong>spas urbanos<\/strong> -como o hotel da Princesa de Munia Hotel, em Oviedo- existentes nas cidades das Ast\u00farias, ou nos spas que t\u00eam alguns hot\u00e9is rurais situados nos arredores das est\u00e2ncias, ou como no caso de Felechosa, rec\u00e9m-inaugurado no complexo residencial da Miner\u00eda Asturiana.<\/p>\n<p>\u00c9 certo que a descontra\u00e7\u00e3o termol\u00fadica \u00e9 sempre uma op\u00e7\u00e3o que os aficionados do esqui apreciam particularmente e as Ast\u00farias s\u00e3o um destino ideal para essa atividade.<\/p>\n<p><strong>Shopping urbano<\/strong><\/p>\n<p>&nbsp;<\/p>\n<p>Oviedo, Gij\u00f3n e Avil\u00e9s s\u00e3o as tr\u00eas alternativas existentes a n\u00edvel de <i>shopping<\/i> urbano. E as tr\u00eas localidades disp\u00f5em de zonas comerciais agrad\u00e1veis, com um \u00f3timo ambiente. Em Oviedo aconselha-se uma visita ao centro hist\u00f3rico, onde h\u00e1 ourives, lojas de sourvenirs, de moda, de arte, o Mercado del Font\u00e1n com as suas lojas de gastronomia <i>delicatessen<\/i>. Ou os <strong>centros comerciais <\/strong>modernos como o do Complexo Calatrava, onde se situa tamb\u00e9m o Palacio de Congressos e Exposi\u00e7\u00f5es da Cidade, que \u00e9 um expoente da arquitetura contempor\u00e2nea.<\/p>\n<p>Em Avil\u00e9s, a Zona Hist\u00f3rica \u00e9 interessante pelas suas joias arquitet\u00f3nicas, pelas muitas hist\u00f3rias que a suas pedras contam, e porque tem um com\u00e9rcio prodigioso, am\u00e1vel, bastante completo e um mercado antigo remodelado, onde se podem encontrar <strong>produtos da terra de qualidade<\/strong> e a um pre\u00e7o acess\u00edvel.<\/p>\n<p>Em Gij\u00f3n, a zona de Cimadevilla e o Puerto Deportivo, o ambiente dos jardins de la Reina e a Calle Corrida, o Paseo de Bego\u00f1a a rua de los Moros, a de San Bernardo ou a de Men\u00e9ndez Vald\u00e9s s\u00e3o o &#8220;cora\u00e7\u00e3o&#8221; da zona comercial de Gij\u00f3n, onde se pode encontrar um pouco de tudo: oficinas de artesanato asturiano, galerias de arte, centros comerciais, joalharias, lojas de moda, de mobili\u00e1rio, de design, de antiguidades &#8230; Todo um mundo para fazer compras e para desfrutar do animado ambiente da cidade.<\/p>\n<p>Para finalizar as compras, um lanche, um aperitivo, um vermute, umas guloseimas na confeitaria, um jantar rom\u00e2ntico, um petisco &#8230; Mil maneiras poss\u00edveis de terminar o dia, dependendo do momento, do lugar e da companhia.<\/p>\n<p><strong>Shopping rural<\/strong><\/p>\n<p><a href=\"http:\/\/pt.viajarconhijos.es\/wp-content\/uploads\/2014\/03\/llanes2.jpg\"><img decoding=\"async\" loading=\"lazy\" class=\"alignnone size-full wp-image-50\" alt=\"llanes2\" src=\"http:\/\/pt.viajarconhijos.es\/wp-content\/uploads\/2014\/03\/llanes2.jpg\" width=\"800\" height=\"587\" srcset=\"http:\/\/viajarcomfilhos.net\/wp-content\/uploads\/2014\/03\/llanes2.jpg 800w, http:\/\/viajarcomfilhos.net\/wp-content\/uploads\/2014\/03\/llanes2-300x220.jpg 300w\" sizes=\"(max-width: 800px) 100vw, 800px\" \/><\/a><\/p>\n<p>O doce e relaxante &#8220;exerc\u00edcio&#8221; de compras tamb\u00e9m pode ser praticado em muitas vilas e aldeias das Ast\u00farias. O <strong>com\u00e9rcio local<\/strong> \u00e9 habitualmente um chamariz para um passeio por qualquer localidade. O encanto dos antigos &#8220;chingre (bares)-loja&#8221; \u00e9 ineg\u00e1vel. Os <i>chingre<\/i> t\u00eam de tudo, desde utens\u00edlios tradicionais do mundo rural at\u00e9 aos melhores queijos ou aguardentes, e tudo isto num ambiente marcadamente asturiano.<\/p>\n<p>Tamb\u00e9m existem lojas de souvenirs, onde se pode encontrar um pouco de tudo para todos os or\u00e7amentos e onde podemos conhecer o melhor artesanato das Ast\u00farias: couro, madeira, azeviche, vidro, ou livrarias, onde h\u00e1 sempre livros de mitologia, lendas, hist\u00f3rias ou paisagens.<\/p>\n<p>Merecem especial destaque as lojas de gastronomia, que nos aproximam do universo gastron\u00f3mico asturiano: queijos, enchidos, pat\u00eas, cidra, vinho, caviar de &#8220;ouri\u00e7o&#8221;, <i>casadielles <\/i>(doce t\u00edpico das Ast\u00farias), etc. Todas as del\u00edcias doces e salgadas que possamos imaginar.<\/p>\n<p>Um passeio, depois de um dia intenso de desporto e natureza, \u00e9 sempre &#8220;revigorante&#8221;.<\/p>\n<p><strong>Apreciando a Gastronomia<\/strong><\/p>\n<p>Uma das atra\u00e7\u00f5es do &#8220;apr\u00e8s-ski&#8221; asturiano \u00e9 a possibilidade de se desfrutar da <strong>boa gastronomia<\/strong>. Durante o outono e inverno h\u00e1 muitos festivais gastron\u00f3micos que t\u00eam lugar um pouco por toda a prov\u00edncia das Ast\u00farias, alguns desses festivais s\u00e3o realizados nas proximidades das est\u00e2ncias de esqui. O festival dos<i> Humanitarios<\/i> em Moreda \u00e9 excelente; o festival dos <i>cebolles rellenes <\/i>em San Martin do Rey Aurelio ou o festival <i>de los Nabos<\/i>, que se realiza tamb\u00e9m neste munic\u00edpio, ou o do Martes de Antroxu.<\/p>\n<p>H\u00e1 festivais gastron\u00f3micos para todos os gostos e que combinam muito bem com o esqui, porque sempre se pode tirar um dia de descanso para dedicar ao turismo gastron\u00f3mico, ou para &#8220;mimar-se&#8221; com um jantar.<\/p>\n<p><strong>Viva la multiaventura!<\/strong><\/p>\n<p><a href=\"http:\/\/pt.viajarconhijos.es\/wp-content\/uploads\/2014\/03\/surf.jpg\"><img decoding=\"async\" loading=\"lazy\" class=\"alignnone size-full wp-image-51\" alt=\"surf\" src=\"http:\/\/pt.viajarconhijos.es\/wp-content\/uploads\/2014\/03\/surf.jpg\" width=\"800\" height=\"544\" srcset=\"http:\/\/viajarcomfilhos.net\/wp-content\/uploads\/2014\/03\/surf.jpg 800w, http:\/\/viajarcomfilhos.net\/wp-content\/uploads\/2014\/03\/surf-300x204.jpg 300w\" sizes=\"(max-width: 800px) 100vw, 800px\" \/><\/a><\/p>\n<p>Para o dia ou dias em que n\u00e3o apetece fazer esqui, fica a op\u00e7\u00e3o de mudar de atividade. Pode-se tentar o esqui de travessia, ou com raquetes, e at\u00e9 mesmo descer uma ravina ou fazer canoagem, ou um percurso a p\u00e9, ou a cavalo.\u00a0E o melhor de tudo \u00e9 que desfrutar\u00e1 sempre das mais variadas e deslumbrantes paisagens: os Picos da Europa e o seu sistema c\u00e1rstico, as grandes montanhas ocidentais, a costa e as suas fal\u00e9sias.\u00a0Nestes ambientes ter\u00e1 o privil\u00e9gio de praticar as atividades mais divertidas em fam\u00edlia. E poder\u00e1 faz\u00ea-lo com toda a confian\u00e7a, porque as <strong>infraestruturas existentes s\u00e3o adequadas<\/strong>, tanto a n\u00edvel de prepara\u00e7\u00e3o e manuten\u00e7\u00e3o de estradas, como a n\u00edvel da respetiva sinaliza\u00e7\u00e3o. Contamos com o apoio de profissionais e empresas na \u00e1rea do turismo ativo, com <strong>servi\u00e7os qualificados<\/strong> em mat\u00e9ria de cuidados de vigil\u00e2ncia e de sa\u00fade, para evitar qualquer tipo de problemas. Facilitando-nos igualmente o facto de terem pensado em tudo.<\/p>\n<p>Por exemplo, os percursos est\u00e3o classificados de acordo com a sua dificuldade, e assim encontramos os denominados <i>Grandes Recorridos<\/i>, para os mais experientes, e os <strong><i>Peque\u00f1os Recorridos<\/i><\/strong>, perfeitos para quem vai acompanhado de crian\u00e7as mais pequenas e mais propensas a cansar-se rapidamente.<\/p>\n<p>Em \u00faltima an\u00e1lise, as Ast\u00farias s\u00e3o, por natureza e hist\u00f3ria, infraestruturas e servi\u00e7os, um local de alta qualidade para todos os que gostam de praticar atividades ao ar livre.<\/p>\n<p>Existem dezenas de diferentes op\u00e7\u00f5es e a pr\u00e1tica de esqui nas Ast\u00farias \u00e9 muito mais do que uma mera experi\u00eancia branca.<\/p>\n<p>&nbsp;<\/p>\n","protected":false},"excerpt":{"rendered":"<p>Algu\u00e9m afirmou uma vez que seria muito bom estar nas Ast\u00farias em todas as ocasi\u00f5es, muitos anos mais tarde, quando a m\u00e1quina do marketing tur\u00edstico come\u00e7ou a produzir, outra pessoa escreveu que seria muito bom estar Ast\u00farias em todas as esta\u00e7\u00f5es &#8230; parece que ambas as afirma\u00e7\u00f5es destes autores an\u00f3nimos estavam corretas, de acordo com [&hellip;]<\/p>\n","protected":false},"author":1,"featured_media":44,"comment_status":"open","ping_status":"open","sticky":false,"template":"","format":"standard","meta":{"footnotes":""},"categories":[11,3],"tags":[25],"aioseo_notices":[],"_links":{"self":[{"href":"http:\/\/viajarcomfilhos.net\/index.php?rest_route=\/wp\/v2\/posts\/43"}],"collection":[{"href":"http:\/\/viajarcomfilhos.net\/index.php?rest_route=\/wp\/v2\/posts"}],"about":[{"href":"http:\/\/viajarcomfilhos.net\/index.php?rest_route=\/wp\/v2\/types\/post"}],"author":[{"embeddable":true,"href":"http:\/\/viajarcomfilhos.net\/index.php?rest_route=\/wp\/v2\/users\/1"}],"replies":[{"embeddable":true,"href":"http:\/\/viajarcomfilhos.net\/index.php?rest_route=%2Fwp%2Fv2%2Fcomments&post=43"}],"version-history":[{"count":1,"href":"http:\/\/viajarcomfilhos.net\/index.php?rest_route=\/wp\/v2\/posts\/43\/revisions"}],"predecessor-version":[{"id":52,"href":"http:\/\/viajarcomfilhos.net\/index.php?rest_route=\/wp\/v2\/posts\/43\/revisions\/52"}],"wp:featuredmedia":[{"embeddable":true,"href":"http:\/\/viajarcomfilhos.net\/index.php?rest_route=\/wp\/v2\/media\/44"}],"wp:attachment":[{"href":"http:\/\/viajarcomfilhos.net\/index.php?rest_route=%2Fwp%2Fv2%2Fmedia&parent=43"}],"wp:term":[{"taxonomy":"category","embeddable":true,"href":"http:\/\/viajarcomfilhos.net\/index.php?rest_route=%2Fwp%2Fv2%2Fcategories&post=43"},{"taxonomy":"post_tag","embeddable":true,"href":"http:\/\/viajarcomfilhos.net\/index.php?rest_route=%2Fwp%2Fv2%2Ftags&post=43"}],"curies":[{"name":"wp","href":"https:\/\/api.w.org\/{rel}","templated":true}]}}